{"id":155,"date":"2026-08-03T00:29:47","date_gmt":"2026-08-02T22:29:47","guid":{"rendered":"https:\/\/designpamplemousse.ca\/?p=155"},"modified":"2026-08-03T00:29:47","modified_gmt":"2026-08-02T22:29:47","slug":"le-mot-espace-masculin-ou-feminin","status":"publish","type":"post","link":"https:\/\/designpamplemousse.ca\/?p=155","title":{"rendered":"Le mot \u00ab\u2009espace\u2009\u00bb : masculin ou f\u00e9minin\u2009?"},"content":{"rendered":"\n<p class=\"wp-block-paragraph\">La plupart des noms en fran\u00e7ais sont soit masculins, soit f\u00e9minins. Toutefois, certains mots nous r\u00e9servent quelques surprises. C\u2019est le cas du mot espace, qui peut \u00eatre utilis\u00e9 au masculin\u2026 comme au f\u00e9minin\u2009!<\/p>\n\n\n\n<p class=\"has-medium-font-size wp-block-paragraph\">Alors, quel genre doit-on employer\u2009?<\/p>\n\n\n\n<p class=\"has-theme-palette-1-color has-text-color has-link-color wp-elements-1 wp-block-paragraph\" style=\"font-style:normal;font-weight:500\">La r\u00e9ponse est simple : dans la grande majorit\u00e9 des cas, \u00ab\u2009espace\u2009\u00bb est masculin. Cependant, dans certains contextes typographiques, on rencontre encore le f\u00e9minin. <\/p>\n\n\n<style>.wp-block-kadence-advancedheading.kt-adv-heading155_749d14-63, .wp-block-kadence-advancedheading.kt-adv-heading155_749d14-63[data-kb-block=\"kb-adv-heading155_749d14-63\"]{font-style:normal;}.wp-block-kadence-advancedheading.kt-adv-heading155_749d14-63 mark.kt-highlight, .wp-block-kadence-advancedheading.kt-adv-heading155_749d14-63[data-kb-block=\"kb-adv-heading155_749d14-63\"] mark.kt-highlight{font-style:normal;color:#f76a0c;-webkit-box-decoration-break:clone;box-decoration-break:clone;padding-top:0px;padding-right:0px;padding-bottom:0px;padding-left:0px;}.wp-block-kadence-advancedheading.kt-adv-heading155_749d14-63 img.kb-inline-image, .wp-block-kadence-advancedheading.kt-adv-heading155_749d14-63[data-kb-block=\"kb-adv-heading155_749d14-63\"] img.kb-inline-image{width:150px;vertical-align:baseline;}<\/style>\n<p class=\"kt-adv-heading155_749d14-63 wp-block-kadence-advancedheading\" data-kb-block=\"kb-adv-heading155_749d14-63\">Voyons cela de plus pr\u00e8s.<\/p>\n\n\n\n<h6 class=\"wp-block-heading\">MASCULIN<\/h6>\n\n\n\n<p class=\"wp-block-paragraph\">Lorsqu\u2019on pense au mot espace, c\u2019est g\u00e9n\u00e9ralement sa forme masculine qui est utilis\u00e9e. On parle alors d\u2019une \u00e9tendue, d\u2019une distance, d\u2019un lieu ou encore d\u2019un concept abstrait.<\/p>\n\n\n\n<p class=\"wp-block-paragraph\">Voici quelques exemples :<\/p>\n\n\n\n<ul class=\"wp-block-list\">\n<li><strong>Une place ou une \u00e9tendue occup\u00e9e<\/strong><br>Ma t\u00e9l\u00e9vision prend beaucoup trop d\u2019espace sur le meuble.<\/li>\n\n\n\n<li><strong>L\u2019\u00e9tendue dont une personne a besoin<\/strong><br>J\u2019ai besoin d\u2019espace mental aujourd\u2019hui.<\/li>\n\n\n\n<li><strong>La distance entre deux \u00e9l\u00e9ments<\/strong><br>Laisse un peu d\u2019espace entre les plantes pour les laisser respirer.<\/li>\n\n\n\n<li><strong>Une surface ou une r\u00e9gion<\/strong><br>J\u2019aime visiter des espaces naturels.<\/li>\n\n\n\n<li><strong>Un lieu destin\u00e9 \u00e0 une fonction particuli\u00e8re<\/strong><br>Nous avons am\u00e9nag\u00e9 un espace de travail plus fonctionnel.<\/li>\n\n\n\n<li><strong>Le milieu situ\u00e9 au-del\u00e0 de l\u2019atmosph\u00e8re terrestre<\/strong><br>Les astronautes sont partis dans l\u2019espace.<\/li>\n\n\n\n<li><strong>Le milieu extraterrestre dans les r\u00e9cits de science-fiction<\/strong><br>Des visiteurs venus de l\u2019espace.<\/li>\n<\/ul>\n\n\n\n<p class=\"wp-block-paragraph\">Le mot appara\u00eet aussi dans plusieurs domaines sp\u00e9cialis\u00e9s :<\/p>\n\n\n\n<ul class=\"wp-block-list\">\n<li>en <strong>anatomie <\/strong>: un espace intercostal;<\/li>\n\n\n\n<li>en <strong>g\u00e9om\u00e9trie <\/strong>: un espace \u00e0 trois dimensions;<\/li>\n\n\n\n<li>en <strong>math\u00e9matiques <\/strong>: un espace vectoriel;<\/li>\n\n\n\n<li>en <strong>musique <\/strong>: l\u2019espace entre deux lignes de la port\u00e9e.<\/li>\n<\/ul>\n\n\n\n<p class=\"wp-block-paragraph\">Dans tous ces cas, le mot est masculin.<\/p>\n\n\n\n<h6 class=\"wp-block-heading\">F\u00c9MININ<\/h6>\n\n\n\n<p class=\"wp-block-paragraph\">C\u2019est ici que les choses deviennent int\u00e9ressantes\u2009!<br>Dans le domaine de la typographie, le mot espace est traditionnellement f\u00e9minin lorsqu\u2019il d\u00e9signe le blanc utilis\u00e9 pour s\u00e9parer les mots, les lettres ou certains signes de ponctuation.<\/p>\n\n\n\n<p class=\"wp-block-paragraph\">On dira donc : une espace fine, une espace ins\u00e9cable, une espace s\u00e9cable.<\/p>\n\n\n\n<p class=\"wp-block-paragraph\">Cette particularit\u00e9 remonte aux d\u00e9buts de l\u2019imprimerie. \u00c0 l\u2019\u00e9poque, les typographes utilisaient de petites lamelles, appel\u00e9es espaces, qu\u2019ils ins\u00e9raient entre les mots pour cr\u00e9er les blancs n\u00e9cessaires \u00e0 la composition des textes.<\/p>\n\n\n\n<p class=\"wp-block-paragraph\">M\u00eame si ces pi\u00e8ces ne sont plus utilis\u00e9es aujourd\u2019hui, l\u2019usage du f\u00e9minin est demeur\u00e9 dans le vocabulaire sp\u00e9cialis\u00e9 de la typographie et du graphisme.<\/p>\n\n\n\n<p class=\"has-medium-font-size wp-block-paragraph\">Faut-il absolument utiliser le f\u00e9minin en typographie\u2009?<\/p>\n\n\n\n<p class=\"has-theme-palette-1-color has-text-color has-link-color wp-elements-2 wp-block-paragraph\" style=\"font-style:normal;font-weight:500\">Pas n\u00e9cessairement.<\/p>\n\n\n\n<p class=\"wp-block-paragraph\">De nos jours, plusieurs ouvrages de r\u00e9f\u00e9rence consid\u00e8rent que le masculin est \u00e9galement acceptable, m\u00eame dans le contexte typographique. Apr\u00e8s tout, le mot conserve son sens g\u00e9n\u00e9ral de \u00ab\u2009distance\u2009\u00bb ou d\u2019\u00ab\u2009intervalle entre deux \u00e9l\u00e9ments\u2009\u00bb.<\/p>\n\n\n\n<h6 class=\"wp-block-heading\">EN R\u00c9SUM\u00c9<\/h6>\n\n\n\n<p class=\"wp-block-paragraph\">Si vous parlez d\u2019un lieu, d\u2019une distance, d\u2019une surface, d\u2019un environnement ou m\u00eame de l\u2019espace intersid\u00e9ral, utilisez le masculin : un espace de travail, un espace vert, un espace de rangement, l\u2019espace.<\/p>\n\n\n\n<p class=\"wp-block-paragraph\">Si vous travaillez en typographie ou en graphisme et que vous d\u00e9signez un blanc typographique, vous pouvez utiliser le f\u00e9minin : une espace fine, une espace ins\u00e9cable.<\/p>\n\n\n\n<p class=\"wp-block-paragraph\">Voil\u00e0 un bel exemple des petites subtilit\u00e9s qui rendent la langue fran\u00e7aise parfois d\u00e9routante\u2026 mais toujours fascinante\u2009!<br><br>Connaissiez-vous cette particularit\u00e9 du mot espace avant aujourd\u2019hui\u2009?<\/p>\n\n\n\n<p class=\"wp-block-paragraph\"><\/p>\n","protected":false},"excerpt":{"rendered":"<p>La plupart des noms en fran\u00e7ais sont soit masculins, soit f\u00e9minins. Toutefois, certains mots nous r\u00e9servent quelques surprises. C\u2019est le cas du mot espace, qui peut \u00eatre utilis\u00e9 au masculin\u2026 comme au f\u00e9minin\u2009!<\/p>\n","protected":false},"author":1,"featured_media":156,"comment_status":"open","ping_status":"open","sticky":true,"template":"","format":"standard","meta":{"_kad_post_transparent":"","_kad_post_title":"","_kad_post_layout":"","_kad_post_sidebar_id":"","_kad_post_content_style":"","_kad_post_vertical_padding":"","_kad_post_feature":"","_kad_post_feature_position":"","_kad_post_header":false,"_kad_post_footer":false,"_kad_post_classname":"","footnotes":""},"categories":[5,7],"tags":[15,13,14,16],"class_list":["post-155","post","type-post","status-publish","format-standard","has-post-thumbnail","hentry","category-francais","category-vocabulaire","tag-espace","tag-feminin","tag-masculin","tag-typographie"],"_links":{"self":[{"href":"https:\/\/designpamplemousse.ca\/index.php?rest_route=\/wp\/v2\/posts\/155","targetHints":{"allow":["GET"]}}],"collection":[{"href":"https:\/\/designpamplemousse.ca\/index.php?rest_route=\/wp\/v2\/posts"}],"about":[{"href":"https:\/\/designpamplemousse.ca\/index.php?rest_route=\/wp\/v2\/types\/post"}],"author":[{"embeddable":true,"href":"https:\/\/designpamplemousse.ca\/index.php?rest_route=\/wp\/v2\/users\/1"}],"replies":[{"embeddable":true,"href":"https:\/\/designpamplemousse.ca\/index.php?rest_route=%2Fwp%2Fv2%2Fcomments&post=155"}],"version-history":[{"count":1,"href":"https:\/\/designpamplemousse.ca\/index.php?rest_route=\/wp\/v2\/posts\/155\/revisions"}],"predecessor-version":[{"id":157,"href":"https:\/\/designpamplemousse.ca\/index.php?rest_route=\/wp\/v2\/posts\/155\/revisions\/157"}],"wp:featuredmedia":[{"embeddable":true,"href":"https:\/\/designpamplemousse.ca\/index.php?rest_route=\/wp\/v2\/media\/156"}],"wp:attachment":[{"href":"https:\/\/designpamplemousse.ca\/index.php?rest_route=%2Fwp%2Fv2%2Fmedia&parent=155"}],"wp:term":[{"taxonomy":"category","embeddable":true,"href":"https:\/\/designpamplemousse.ca\/index.php?rest_route=%2Fwp%2Fv2%2Fcategories&post=155"},{"taxonomy":"post_tag","embeddable":true,"href":"https:\/\/designpamplemousse.ca\/index.php?rest_route=%2Fwp%2Fv2%2Ftags&post=155"}],"curies":[{"name":"wp","href":"https:\/\/api.w.org\/{rel}","templated":true}]}}